{"id":81,"date":"2025-11-20T19:06:52","date_gmt":"2025-11-20T19:06:52","guid":{"rendered":"http:\/\/zelenysvedok.sk\/?p=81"},"modified":"2026-03-08T16:53:21","modified_gmt":"2026-03-08T16:53:21","slug":"janova-skalka","status":"publish","type":"post","link":"https:\/\/zelenysvedok.sk\/?p=81","title":{"rendered":"Janova skalka"},"content":{"rendered":"\n<figure class=\"wp-block-image size-large\"><img loading=\"lazy\" decoding=\"async\" width=\"1024\" height=\"473\" src=\"https:\/\/zelenysvedok.sk\/wp-content\/uploads\/2026\/01\/20241104_090644-1024x473.jpg\" alt=\"\" class=\"wp-image-82\" srcset=\"https:\/\/zelenysvedok.sk\/wp-content\/uploads\/2026\/01\/20241104_090644-1024x473.jpg 1024w, https:\/\/zelenysvedok.sk\/wp-content\/uploads\/2026\/01\/20241104_090644-300x139.jpg 300w, https:\/\/zelenysvedok.sk\/wp-content\/uploads\/2026\/01\/20241104_090644-768x355.jpg 768w, https:\/\/zelenysvedok.sk\/wp-content\/uploads\/2026\/01\/20241104_090644-1536x710.jpg 1536w, https:\/\/zelenysvedok.sk\/wp-content\/uploads\/2026\/01\/20241104_090644.jpg 2000w\" sizes=\"auto, (max-width: 1024px) 100vw, 1024px\" \/><\/figure>\n\n\n\n<p>V spolupr\u00e1ci s <a href=\"https:\/\/www.google.com\/search?ved=1t:260882&amp;q=Lesmi+SR&amp;bbid=5930068606548591991&amp;bpid=698632393923369709\" target=\"_blank\" rel=\"noreferrer noopener\">Lesmi SR<\/a> bol obnoven\u00fd n\u00e1zov <a href=\"https:\/\/www.google.com\/search?ved=1t:260882&amp;q=Janova+skalka&amp;bbid=5930068606548591991&amp;bpid=698632393923369709\" target=\"_blank\" rel=\"noreferrer noopener\">Janova skalka<\/a> a pamiatka na miestneho lesn\u00edka a po\u013eovn\u00edka <a href=\"https:\/\/www.google.com\/search?ved=1t:260882&amp;q=J%C3%A1na+Valacha+lesn%C3%ADk&amp;bbid=5930068606548591991&amp;bpid=698632393923369709\" target=\"_blank\" rel=\"noreferrer noopener\">J\u00e1na Valacha<\/a> ktor\u00fd sl\u00fa\u017eil v t\u00fdchto hor\u00e1ch od roku 1960.<\/p>\n\n\n\n<p>&nbsp; S ve\u013ek\u00fdm re\u0161pektom a \u00factou som sa pustil znovuobnovenia pamiatky na \u010dloveka, ktor\u00fd zasv\u00e4til cel\u00fd svoj \u017eivot pr\u00e1ci v pr\u00edrode a ochrane na\u0161ich lesov. Lesn\u00edk a po\u013eovn\u00edk J\u00e1n Valach a nielen\u017ee zanechal stopy v lese, ale aj v srdciach v\u0161etk\u00fdch, ktor\u00ed ho poznali.<\/p>\n\n\n\n<p>&nbsp; T\u00e1to obnova je mal\u00fdm po\u010fakovan\u00edm za jeho oddanos\u0165, \u0165a\u017ek\u00fa pr\u00e1cu a l\u00e1sku k pr\u00edrode. Ver\u00edm, \u017ee t\u00e1to pamiatka bude pripom\u00edna\u0165 jeho pr\u00ednos pre miestne lesy aj bud\u00facim gener\u00e1ci\u00e1m. Nech jeho odkaz \u017eije \u010falej \u2013 nech lesy, ktor\u00e9 miloval, zostan\u00fa chr\u00e1nen\u00e9 a zachovan\u00e9 pre \u010fal\u0161\u00edch, ktor\u00ed si ich bud\u00fa rovnako v\u00e1\u017ei\u0165.<\/p>\n\n\n\n<p>_____________________________________________<\/p>\n\n\n\n<p>Janko Valach<\/p>\n\n\n\n<p>&nbsp; Janko Valach, miestny lesn\u00edk a po\u013eovn\u00edk, poch\u00e1dzal z <a href=\"https:\/\/www.google.com\/search?ved=1t:260882&amp;q=Nitrianskej+Stredy&amp;bbid=5930068606548591991&amp;bpid=698632393923369709\" target=\"_blank\" rel=\"noreferrer noopener\">Nitrianskej Stredy<\/a> a zasv\u00e4til svoj \u017eivot starostlivosti o lesy v na\u0161om regi\u00f3ne.<\/p>\n\n\n\n<p>&nbsp; Pracoval v lokalite Brod\/S\u00falovce <a href=\"https:\/\/www.google.com\/search?ved=1t:260882&amp;q=polesie+Kovarce&amp;bbid=5930068606548591991&amp;bpid=698632393923369709\" target=\"_blank\" rel=\"noreferrer noopener\">polesie Kovarce<\/a> od roku 1960 a\u017e do roku 1974, a n\u00e1sledne od roku 1974 a\u017e do roku 2002 v oblasti Sol\u010dany\/Krn\u010da pod Lesnou spr\u00e1vou Nitrianska Streda.<\/p>\n\n\n\n<p>&nbsp; V roku 1979 mal v\u00e1\u017enu nehodu. Pri preprave dreva s dvomi pracovn\u00edkmi havaroval s n\u00e1kladn\u00fdm autom pr\u00e1ve pri tejto skalke, kde sa zakliesnil a z gu\u013eovnice si prestrelil ruku. T\u00e1to skala, na ktorej do\u0161lo k nehode, bola nesk\u00f4r pomenovan\u00e1 na jeho po\u010des\u0165 \u2013 Janov\u00e1 skalka. Bola zazna\u010den\u00e1 aj na porastov\u00fdch a map\u00e1chy roku 1979. Janko bol aj po svojom p\u00f4soben\u00ed st\u00e1le myslou v lesoch a u\u017e\u00edval som si jeho pr\u00edbehy a z\u00e1\u017eitky, ktor\u00e9 st\u00e1li za to&#8230; V roku 2024 v\u0161ak Janko prehral svoj boj s \u0165a\u017ekou chorobou a nav\u017edy n\u00e1s odi\u0161iel do &#8222;<a href=\"https:\/\/www.google.com\/search?ved=1t:260882&amp;q=lesn%C3%ADckeho+neba+vyznam&amp;bbid=5930068606548591991&amp;bpid=698632393923369709\" target=\"_blank\" rel=\"noreferrer noopener\">lesn\u00edckeho neba<\/a>&#8222;.<\/p>\n\n\n\n<p>&nbsp; \u010ces\u0165 jeho pamiatke.&nbsp;<\/p>\n\n\n\n<figure class=\"wp-block-gallery has-nested-images columns-default is-cropped wp-block-gallery-1 is-layout-flex wp-block-gallery-is-layout-flex\">\n<figure class=\"wp-block-image size-large\"><img loading=\"lazy\" decoding=\"async\" width=\"1024\" height=\"473\" data-id=\"83\" src=\"https:\/\/zelenysvedok.sk\/wp-content\/uploads\/2026\/01\/20241104_071835-1024x473.jpg\" alt=\"\" class=\"wp-image-83\" srcset=\"https:\/\/zelenysvedok.sk\/wp-content\/uploads\/2026\/01\/20241104_071835-1024x473.jpg 1024w, https:\/\/zelenysvedok.sk\/wp-content\/uploads\/2026\/01\/20241104_071835-300x139.jpg 300w, https:\/\/zelenysvedok.sk\/wp-content\/uploads\/2026\/01\/20241104_071835-768x355.jpg 768w, https:\/\/zelenysvedok.sk\/wp-content\/uploads\/2026\/01\/20241104_071835-1536x710.jpg 1536w, https:\/\/zelenysvedok.sk\/wp-content\/uploads\/2026\/01\/20241104_071835.jpg 2000w\" sizes=\"auto, (max-width: 1024px) 100vw, 1024px\" \/><\/figure>\n\n\n\n<figure class=\"wp-block-image size-large\"><img loading=\"lazy\" decoding=\"async\" width=\"473\" height=\"1024\" data-id=\"85\" src=\"https:\/\/zelenysvedok.sk\/wp-content\/uploads\/2026\/01\/20241104_090122-473x1024.jpg\" alt=\"\" class=\"wp-image-85\" srcset=\"https:\/\/zelenysvedok.sk\/wp-content\/uploads\/2026\/01\/20241104_090122-473x1024.jpg 473w, https:\/\/zelenysvedok.sk\/wp-content\/uploads\/2026\/01\/20241104_090122-139x300.jpg 139w, https:\/\/zelenysvedok.sk\/wp-content\/uploads\/2026\/01\/20241104_090122-768x1663.jpg 768w, https:\/\/zelenysvedok.sk\/wp-content\/uploads\/2026\/01\/20241104_090122-709x1536.jpg 709w, https:\/\/zelenysvedok.sk\/wp-content\/uploads\/2026\/01\/20241104_090122-946x2048.jpg 946w, https:\/\/zelenysvedok.sk\/wp-content\/uploads\/2026\/01\/20241104_090122.jpg 1000w\" sizes=\"auto, (max-width: 473px) 100vw, 473px\" \/><\/figure>\n\n\n\n<figure class=\"wp-block-image size-large\"><img loading=\"lazy\" decoding=\"async\" width=\"1024\" height=\"473\" data-id=\"86\" src=\"https:\/\/zelenysvedok.sk\/wp-content\/uploads\/2026\/01\/20241104_090143-1024x473.jpg\" alt=\"\" class=\"wp-image-86\" srcset=\"https:\/\/zelenysvedok.sk\/wp-content\/uploads\/2026\/01\/20241104_090143-1024x473.jpg 1024w, https:\/\/zelenysvedok.sk\/wp-content\/uploads\/2026\/01\/20241104_090143-300x139.jpg 300w, https:\/\/zelenysvedok.sk\/wp-content\/uploads\/2026\/01\/20241104_090143-768x355.jpg 768w, https:\/\/zelenysvedok.sk\/wp-content\/uploads\/2026\/01\/20241104_090143-1536x710.jpg 1536w, https:\/\/zelenysvedok.sk\/wp-content\/uploads\/2026\/01\/20241104_090143.jpg 2000w\" sizes=\"auto, (max-width: 1024px) 100vw, 1024px\" \/><\/figure>\n\n\n\n<figure class=\"wp-block-image size-large\"><img loading=\"lazy\" decoding=\"async\" width=\"1024\" height=\"473\" data-id=\"88\" src=\"https:\/\/zelenysvedok.sk\/wp-content\/uploads\/2026\/01\/20241104_091403-1024x473.jpg\" alt=\"\" class=\"wp-image-88\" srcset=\"https:\/\/zelenysvedok.sk\/wp-content\/uploads\/2026\/01\/20241104_091403-1024x473.jpg 1024w, https:\/\/zelenysvedok.sk\/wp-content\/uploads\/2026\/01\/20241104_091403-300x139.jpg 300w, https:\/\/zelenysvedok.sk\/wp-content\/uploads\/2026\/01\/20241104_091403-768x355.jpg 768w, https:\/\/zelenysvedok.sk\/wp-content\/uploads\/2026\/01\/20241104_091403-1536x710.jpg 1536w, https:\/\/zelenysvedok.sk\/wp-content\/uploads\/2026\/01\/20241104_091403.jpg 2000w\" sizes=\"auto, (max-width: 1024px) 100vw, 1024px\" \/><\/figure>\n\n\n\n<figure class=\"wp-block-image size-large\"><img loading=\"lazy\" decoding=\"async\" width=\"1024\" height=\"473\" data-id=\"89\" src=\"https:\/\/zelenysvedok.sk\/wp-content\/uploads\/2026\/01\/20241104_103143-1024x473.jpg\" alt=\"\" class=\"wp-image-89\" srcset=\"https:\/\/zelenysvedok.sk\/wp-content\/uploads\/2026\/01\/20241104_103143-1024x473.jpg 1024w, https:\/\/zelenysvedok.sk\/wp-content\/uploads\/2026\/01\/20241104_103143-300x139.jpg 300w, https:\/\/zelenysvedok.sk\/wp-content\/uploads\/2026\/01\/20241104_103143-768x355.jpg 768w, https:\/\/zelenysvedok.sk\/wp-content\/uploads\/2026\/01\/20241104_103143-1536x710.jpg 1536w, https:\/\/zelenysvedok.sk\/wp-content\/uploads\/2026\/01\/20241104_103143.jpg 2000w\" sizes=\"auto, (max-width: 1024px) 100vw, 1024px\" \/><\/figure>\n\n\n\n<figure class=\"wp-block-image size-large\"><img loading=\"lazy\" decoding=\"async\" width=\"1024\" height=\"473\" data-id=\"84\" src=\"https:\/\/zelenysvedok.sk\/wp-content\/uploads\/2026\/01\/20241104_103335-1024x473.jpg\" alt=\"\" class=\"wp-image-84\" srcset=\"https:\/\/zelenysvedok.sk\/wp-content\/uploads\/2026\/01\/20241104_103335-1024x473.jpg 1024w, https:\/\/zelenysvedok.sk\/wp-content\/uploads\/2026\/01\/20241104_103335-300x139.jpg 300w, https:\/\/zelenysvedok.sk\/wp-content\/uploads\/2026\/01\/20241104_103335-768x355.jpg 768w, https:\/\/zelenysvedok.sk\/wp-content\/uploads\/2026\/01\/20241104_103335-1536x710.jpg 1536w, https:\/\/zelenysvedok.sk\/wp-content\/uploads\/2026\/01\/20241104_103335.jpg 2000w\" sizes=\"auto, (max-width: 1024px) 100vw, 1024px\" \/><\/figure>\n\n\n\n<figure class=\"wp-block-image size-large\"><img loading=\"lazy\" decoding=\"async\" width=\"1024\" height=\"473\" data-id=\"87\" src=\"https:\/\/zelenysvedok.sk\/wp-content\/uploads\/2026\/01\/20241104_103340-1024x473.jpg\" alt=\"\" class=\"wp-image-87\" srcset=\"https:\/\/zelenysvedok.sk\/wp-content\/uploads\/2026\/01\/20241104_103340-1024x473.jpg 1024w, https:\/\/zelenysvedok.sk\/wp-content\/uploads\/2026\/01\/20241104_103340-300x139.jpg 300w, https:\/\/zelenysvedok.sk\/wp-content\/uploads\/2026\/01\/20241104_103340-768x355.jpg 768w, https:\/\/zelenysvedok.sk\/wp-content\/uploads\/2026\/01\/20241104_103340-1536x710.jpg 1536w, https:\/\/zelenysvedok.sk\/wp-content\/uploads\/2026\/01\/20241104_103340.jpg 2000w\" sizes=\"auto, (max-width: 1024px) 100vw, 1024px\" \/><\/figure>\n\n\n\n<figure class=\"wp-block-image size-large\"><img loading=\"lazy\" decoding=\"async\" width=\"1024\" height=\"473\" data-id=\"91\" src=\"https:\/\/zelenysvedok.sk\/wp-content\/uploads\/2026\/01\/20241104_103354-1024x473.jpg\" alt=\"\" class=\"wp-image-91\" srcset=\"https:\/\/zelenysvedok.sk\/wp-content\/uploads\/2026\/01\/20241104_103354-1024x473.jpg 1024w, https:\/\/zelenysvedok.sk\/wp-content\/uploads\/2026\/01\/20241104_103354-300x139.jpg 300w, https:\/\/zelenysvedok.sk\/wp-content\/uploads\/2026\/01\/20241104_103354-768x355.jpg 768w, https:\/\/zelenysvedok.sk\/wp-content\/uploads\/2026\/01\/20241104_103354-1536x710.jpg 1536w, https:\/\/zelenysvedok.sk\/wp-content\/uploads\/2026\/01\/20241104_103354.jpg 2000w\" sizes=\"auto, (max-width: 1024px) 100vw, 1024px\" \/><\/figure>\n\n\n\n<figure class=\"wp-block-image size-large\"><img loading=\"lazy\" decoding=\"async\" width=\"600\" height=\"960\" data-id=\"90\" src=\"https:\/\/zelenysvedok.sk\/wp-content\/uploads\/2026\/01\/515713395_10229379844505860_6231855418936788331_n.jpg\" alt=\"\" class=\"wp-image-90\" srcset=\"https:\/\/zelenysvedok.sk\/wp-content\/uploads\/2026\/01\/515713395_10229379844505860_6231855418936788331_n.jpg 600w, https:\/\/zelenysvedok.sk\/wp-content\/uploads\/2026\/01\/515713395_10229379844505860_6231855418936788331_n-188x300.jpg 188w\" sizes=\"auto, (max-width: 600px) 100vw, 600px\" \/><\/figure>\n<\/figure>\n\n\n\n<p><\/p>\n","protected":false},"excerpt":{"rendered":"<p>V spolupr\u00e1ci s Lesmi SR bol obnoven\u00fd n\u00e1zov Janova skalka a pamiatka na miestneho lesn\u00edka a po\u013eovn\u00edka J\u00e1na Valacha ktor\u00fd sl\u00fa\u017eil v t\u00fdchto hor\u00e1ch od roku 1960. &nbsp; S ve\u013ek\u00fdm re\u0161pektom a \u00factou som sa pustil znovuobnovenia pamiatky na \u010dloveka, ktor\u00fd zasv\u00e4til cel\u00fd svoj \u017eivot pr\u00e1ci v pr\u00edrode a ochrane na\u0161ich lesov. Lesn\u00edk a po\u013eovn\u00edk [&hellip;]<\/p>\n","protected":false},"author":1,"featured_media":285,"comment_status":"open","ping_status":"open","sticky":false,"template":"","format":"standard","meta":{"footnotes":""},"categories":[8],"tags":[],"class_list":["post-81","post","type-post","status-publish","format-standard","has-post-thumbnail","hentry","category-pribeh"],"_links":{"self":[{"href":"https:\/\/zelenysvedok.sk\/index.php?rest_route=\/wp\/v2\/posts\/81","targetHints":{"allow":["GET"]}}],"collection":[{"href":"https:\/\/zelenysvedok.sk\/index.php?rest_route=\/wp\/v2\/posts"}],"about":[{"href":"https:\/\/zelenysvedok.sk\/index.php?rest_route=\/wp\/v2\/types\/post"}],"author":[{"embeddable":true,"href":"https:\/\/zelenysvedok.sk\/index.php?rest_route=\/wp\/v2\/users\/1"}],"replies":[{"embeddable":true,"href":"https:\/\/zelenysvedok.sk\/index.php?rest_route=%2Fwp%2Fv2%2Fcomments&post=81"}],"version-history":[{"count":1,"href":"https:\/\/zelenysvedok.sk\/index.php?rest_route=\/wp\/v2\/posts\/81\/revisions"}],"predecessor-version":[{"id":92,"href":"https:\/\/zelenysvedok.sk\/index.php?rest_route=\/wp\/v2\/posts\/81\/revisions\/92"}],"wp:featuredmedia":[{"embeddable":true,"href":"https:\/\/zelenysvedok.sk\/index.php?rest_route=\/wp\/v2\/media\/285"}],"wp:attachment":[{"href":"https:\/\/zelenysvedok.sk\/index.php?rest_route=%2Fwp%2Fv2%2Fmedia&parent=81"}],"wp:term":[{"taxonomy":"category","embeddable":true,"href":"https:\/\/zelenysvedok.sk\/index.php?rest_route=%2Fwp%2Fv2%2Fcategories&post=81"},{"taxonomy":"post_tag","embeddable":true,"href":"https:\/\/zelenysvedok.sk\/index.php?rest_route=%2Fwp%2Fv2%2Ftags&post=81"}],"curies":[{"name":"wp","href":"https:\/\/api.w.org\/{rel}","templated":true}]}}