{"id":614,"date":"2026-03-03T15:25:13","date_gmt":"2026-03-03T15:25:13","guid":{"rendered":"https:\/\/zelenysvedok.sk\/?p=614"},"modified":"2026-03-03T15:25:13","modified_gmt":"2026-03-03T15:25:13","slug":"basen-zlatej-hodiny","status":"publish","type":"post","link":"https:\/\/zelenysvedok.sk\/?p=614","title":{"rendered":"B\u00e1se\u0148 zlatej hodiny"},"content":{"rendered":"\n<figure class=\"wp-block-pullquote\" style=\"border-width:1px;border-top-left-radius:0px;border-top-right-radius:0px;border-bottom-left-radius:0px;border-bottom-right-radius:0px;margin-top:0;margin-bottom:0;padding-top:var(--wp--preset--spacing--80);padding-right:var(--wp--preset--spacing--80);padding-bottom:var(--wp--preset--spacing--80);padding-left:var(--wp--preset--spacing--80)\"><blockquote><p>Svetlom v ruke kr\u00e1jam tmu, ktor\u00e1 e\u0161te patr\u00ed noci, <br>v noh\u00e1ch kopec, v hlave \u2014 ni\u010d, len ticho v plnej moci. <br>Tribe\u010d ma nev\u00edta krikom, on ma len nech\u00e1 vst\u00fapi\u0165, <br>do chr\u00e1mu, kde sa ned\u00e1 ni\u010d preda\u0165, ani k\u00fapi\u0165.<br><br>Obloha sa oblieka do jant\u00e1ru a pr\u00eds\u013eubov jari, <br>v tej kr\u00e1tkej trhline, k\u00fdm sa noc s d\u0148om star\u00fdm sv\u00e1ri. <br>Ak pr\u00edde\u0161 neskoro, nen\u00e1jde\u0161 ni\u010d, len be\u017en\u00fd de\u0148, <br>no ja som pri\u0161iel v\u010das, zhliadn\u00fa\u0165 tento rann\u00fd tie\u0148.<br><br>Drz\u00e1 a mlad\u00e1 pastela svieti na do t\u00fdch bukov, <br>svetlo ich zap\u00e1li zvn\u00fatra, bez hnevu a hlukov. <br>Miazga sa preb\u00fadza, zem d\u00fdcha a v\u00e1nok hreje, <br>v tomto lese sa \u017eivot bez p\u00fdtania jednoducho deje.<br><br>Nie je to d\u00e1tum v kalend\u00e1ri, \u010do n\u00e1m jar zvestuje, <br>je to tento moment, \u010do mi v srdci svedka sformuje. <br>Stoj\u00edm a d\u00fdcham, k\u00fdm sa les v tichu modl\u00ed, <br>na\u0161iel som na tu to, \u010do ma zvn\u00fatra uzdrav\u00ed, oslobod\u00ed&#8230; <br>\u010faleko od sveta, kde s\u00fa \u013eudia podl\u00ed.<\/p><\/blockquote><\/figure>\n\n\n\n<p><\/p>\n\n\n\n<p><\/p>\n","protected":false},"excerpt":{"rendered":"<p>Svetlom v ruke kr\u00e1jam tmu, ktor\u00e1 e\u0161te patr\u00ed noci, v noh\u00e1ch kopec, v hlave \u2014 ni\u010d, len ticho v plnej moci. Tribe\u010d ma nev\u00edta krikom, on ma len nech\u00e1 vst\u00fapi\u0165, do chr\u00e1mu, kde sa ned\u00e1 ni\u010d preda\u0165, ani k\u00fapi\u0165. Obloha sa oblieka do jant\u00e1ru a pr\u00eds\u013eubov jari, v tej kr\u00e1tkej trhline, k\u00fdm sa noc s [&hellip;]<\/p>\n","protected":false},"author":1,"featured_media":557,"comment_status":"open","ping_status":"open","sticky":false,"template":"","format":"standard","meta":{"footnotes":""},"categories":[7],"tags":[],"class_list":["post-614","post","type-post","status-publish","format-standard","has-post-thumbnail","hentry","category-basen"],"_links":{"self":[{"href":"https:\/\/zelenysvedok.sk\/index.php?rest_route=\/wp\/v2\/posts\/614","targetHints":{"allow":["GET"]}}],"collection":[{"href":"https:\/\/zelenysvedok.sk\/index.php?rest_route=\/wp\/v2\/posts"}],"about":[{"href":"https:\/\/zelenysvedok.sk\/index.php?rest_route=\/wp\/v2\/types\/post"}],"author":[{"embeddable":true,"href":"https:\/\/zelenysvedok.sk\/index.php?rest_route=\/wp\/v2\/users\/1"}],"replies":[{"embeddable":true,"href":"https:\/\/zelenysvedok.sk\/index.php?rest_route=%2Fwp%2Fv2%2Fcomments&post=614"}],"version-history":[{"count":3,"href":"https:\/\/zelenysvedok.sk\/index.php?rest_route=\/wp\/v2\/posts\/614\/revisions"}],"predecessor-version":[{"id":617,"href":"https:\/\/zelenysvedok.sk\/index.php?rest_route=\/wp\/v2\/posts\/614\/revisions\/617"}],"wp:featuredmedia":[{"embeddable":true,"href":"https:\/\/zelenysvedok.sk\/index.php?rest_route=\/wp\/v2\/media\/557"}],"wp:attachment":[{"href":"https:\/\/zelenysvedok.sk\/index.php?rest_route=%2Fwp%2Fv2%2Fmedia&parent=614"}],"wp:term":[{"taxonomy":"category","embeddable":true,"href":"https:\/\/zelenysvedok.sk\/index.php?rest_route=%2Fwp%2Fv2%2Fcategories&post=614"},{"taxonomy":"post_tag","embeddable":true,"href":"https:\/\/zelenysvedok.sk\/index.php?rest_route=%2Fwp%2Fv2%2Ftags&post=614"}],"curies":[{"name":"wp","href":"https:\/\/api.w.org\/{rel}","templated":true}]}}